{"id":1465,"date":"2019-06-27T01:39:23","date_gmt":"2019-06-26T22:39:23","guid":{"rendered":"https:\/\/www.maripak.com\/?p=1465"},"modified":"2019-10-16T17:47:43","modified_gmt":"2019-10-16T14:47:43","slug":"selado-por-retracao","status":"publish","type":"post","link":"https:\/\/www.maripak.com\/pt-pt\/selado-por-retracao\/","title":{"rendered":"Selado por Retra\u00e7\u00e3o"},"content":{"rendered":"<p>\u00c9 importante que as m\u00e1quinas de embalagem POF e PE possam trabalhar com alta capacidade. O ponto mais importante, no entanto, \u00e9 a qualidade do processo de corte de retra\u00e7\u00e3o. Cortar \/ selar adequadamente em ambos os pacotes POF e PE determina a qualidade da embalagem. Voc\u00ea pode visitar nossa p\u00e1gina aqui para obter mais informa\u00e7\u00f5es sobre m\u00e1quinas retr\u00e1teis.<\/p>\n<p>Uma m\u00e1quina de retra\u00e7\u00e3o de boa qualidade deve estar dispon\u00edvel em sua m\u00e3o para realizar a opera\u00e7\u00e3o de corte.<\/p>\n<blockquote class=\"wp-embedded-content\" data-secret=\"v1M7m5jSOb\"><p><a href=\"https:\/\/www.maripak.com\/pt-pt\/em-quais-industrias-as-maquinas-de-encolhemento-sao-usadas\/\">Em Quais Ind\u00fastrias as M\u00e1quinas de Encolhemento S\u00e3o Usadas?<\/a><\/p><\/blockquote>\n<p><iframe loading=\"lazy\" title=\"&#8220;Em Quais Ind\u00fastrias as M\u00e1quinas de Encolhemento S\u00e3o Usadas?&#8221; &#8212; Maripak\" class=\"wp-embedded-content\" sandbox=\"allow-scripts\" security=\"restricted\" style=\"position: absolute; clip: rect(1px, 1px, 1px, 1px);\" src=\"https:\/\/www.maripak.com\/pt-pt\/em-quais-industrias-as-maquinas-de-encolhemento-sao-usadas\/embed\/#?secret=v1M7m5jSOb\" data-secret=\"v1M7m5jSOb\" width=\"600\" height=\"338\" frameborder=\"0\" marginwidth=\"0\" marginheight=\"0\" scrolling=\"no\"><\/iframe><\/p>\n","protected":false},"excerpt":{"rendered":"<p>\u00c9 importante que as m\u00e1quinas de embalagem POF e PE possam trabalhar com alta capacidade. O ponto mais importante, no entanto, \u00e9 a qualidade do processo de corte de retra\u00e7\u00e3o. Cortar \/ selar adequadamente em ambos os pacotes POF e PE determina a qualidade da embalagem. Voc\u00ea pode visitar nossa p\u00e1gina aqui para obter mais [&hellip;]<\/p>\n","protected":false},"author":4,"featured_media":484,"comment_status":"open","ping_status":"open","sticky":false,"template":"","format":"standard","meta":{"footnotes":""},"categories":[42],"tags":[],"class_list":["post-1465","post","type-post","status-publish","format-standard","has-post-thumbnail","hentry","category-posts-do-blog"],"acf":[],"yoast_head":"<!-- This site is optimized with the Yoast SEO plugin v24.8.1 - https:\/\/yoast.com\/wordpress\/plugins\/seo\/ -->\n<title>Selado por Retra\u00e7\u00e3o - Maripak<\/title>\n<meta name=\"description\" content=\"\u00c9 importante que as m\u00e1quinas de embalagem POF e PE possam trabalhar com alta capacidade. O ponto mais importante, no entanto, \u00e9 a qualidade do processo de\" \/>\n<meta name=\"robots\" content=\"index, follow, max-snippet:-1, max-image-preview:large, max-video-preview:-1\" \/>\n<link rel=\"canonical\" href=\"https:\/\/www.maripak.com\/pt-pt\/selado-por-retracao\/\" \/>\n<meta property=\"og:locale\" content=\"pt_PT\" \/>\n<meta property=\"og:type\" content=\"article\" \/>\n<meta property=\"og:title\" content=\"Selado por Retra\u00e7\u00e3o - Maripak\" \/>\n<meta property=\"og:description\" content=\"\u00c9 importante que as m\u00e1quinas de embalagem POF e PE possam trabalhar com alta capacidade. O ponto mais importante, no entanto, \u00e9 a qualidade do processo de\" \/>\n<meta property=\"og:url\" content=\"https:\/\/www.maripak.com\/pt-pt\/selado-por-retracao\/\" \/>\n<meta property=\"og:site_name\" content=\"Maripak\" \/>\n<meta property=\"article:publisher\" content=\"https:\/\/www.facebook.com\/maripakambalaj\/\" \/>\n<meta property=\"article:published_time\" content=\"2019-06-26T22:39:23+00:00\" \/>\n<meta property=\"article:modified_time\" content=\"2019-10-16T14:47:43+00:00\" \/>\n<meta property=\"og:image\" content=\"https:\/\/www.maripak.com\/wp-content\/uploads\/2019\/06\/shrink-kesme.jpg\" \/>\n\t<meta property=\"og:image:width\" content=\"1280\" \/>\n\t<meta property=\"og:image:height\" content=\"720\" \/>\n\t<meta property=\"og:image:type\" content=\"image\/jpeg\" \/>\n<meta name=\"author\" content=\"Kerem \u00c7ifci\" \/>\n<meta name=\"twitter:card\" content=\"summary_large_image\" \/>\n<meta name=\"twitter:creator\" content=\"@maripak_\" \/>\n<meta name=\"twitter:site\" content=\"@maripak_\" \/>\n<!-- \/ Yoast SEO plugin. -->","yoast_head_json":{"title":"Selado por Retra\u00e7\u00e3o - Maripak","description":"\u00c9 importante que as m\u00e1quinas de embalagem POF e PE possam trabalhar com alta capacidade. O ponto mais importante, no entanto, \u00e9 a qualidade do processo de","robots":{"index":"index","follow":"follow","max-snippet":"max-snippet:-1","max-image-preview":"max-image-preview:large","max-video-preview":"max-video-preview:-1"},"canonical":"https:\/\/www.maripak.com\/pt-pt\/selado-por-retracao\/","og_locale":"pt_PT","og_type":"article","og_title":"Selado por Retra\u00e7\u00e3o - Maripak","og_description":"\u00c9 importante que as m\u00e1quinas de embalagem POF e PE possam trabalhar com alta capacidade. O ponto mais importante, no entanto, \u00e9 a qualidade do processo de","og_url":"https:\/\/www.maripak.com\/pt-pt\/selado-por-retracao\/","og_site_name":"Maripak","article_publisher":"https:\/\/www.facebook.com\/maripakambalaj\/","article_published_time":"2019-06-26T22:39:23+00:00","article_modified_time":"2019-10-16T14:47:43+00:00","og_image":[{"width":1280,"height":720,"url":"https:\/\/www.maripak.com\/wp-content\/uploads\/2019\/06\/shrink-kesme.jpg","type":"image\/jpeg"}],"author":"Kerem \u00c7ifci","twitter_card":"summary_large_image","twitter_creator":"@maripak_","twitter_site":"@maripak_","schema":{"@context":"https:\/\/schema.org","@graph":[{"@type":"Article","@id":"https:\/\/www.maripak.com\/pt-pt\/selado-por-retracao\/#article","isPartOf":{"@id":"https:\/\/www.maripak.com\/pt-pt\/selado-por-retracao\/"},"author":{"name":"Kerem \u00c7ifci","@id":"https:\/\/www.maripak.com\/pt-pt\/#\/schema\/person\/a60a146f84d3db7ab553caf48a597855"},"headline":"Selado por Retra\u00e7\u00e3o","datePublished":"2019-06-26T22:39:23+00:00","dateModified":"2019-10-16T14:47:43+00:00","mainEntityOfPage":{"@id":"https:\/\/www.maripak.com\/pt-pt\/selado-por-retracao\/"},"wordCount":96,"commentCount":0,"publisher":{"@id":"https:\/\/www.maripak.com\/pt-pt\/#organization"},"image":{"@id":"https:\/\/www.maripak.com\/pt-pt\/selado-por-retracao\/#primaryimage"},"thumbnailUrl":"https:\/\/www.maripak.com\/wp-content\/uploads\/2019\/06\/shrink-kesme.jpg","articleSection":["Blogs"],"inLanguage":"pt-PT","potentialAction":[{"@type":"CommentAction","name":"Comment","target":["https:\/\/www.maripak.com\/pt-pt\/selado-por-retracao\/#respond"]}]},{"@type":"WebPage","@id":"https:\/\/www.maripak.com\/pt-pt\/selado-por-retracao\/","url":"https:\/\/www.maripak.com\/pt-pt\/selado-por-retracao\/","name":"Selado por Retra\u00e7\u00e3o - Maripak","isPartOf":{"@id":"https:\/\/www.maripak.com\/pt-pt\/#website"},"primaryImageOfPage":{"@id":"https:\/\/www.maripak.com\/pt-pt\/selado-por-retracao\/#primaryimage"},"image":{"@id":"https:\/\/www.maripak.com\/pt-pt\/selado-por-retracao\/#primaryimage"},"thumbnailUrl":"https:\/\/www.maripak.com\/wp-content\/uploads\/2019\/06\/shrink-kesme.jpg","datePublished":"2019-06-26T22:39:23+00:00","dateModified":"2019-10-16T14:47:43+00:00","description":"\u00c9 importante que as m\u00e1quinas de embalagem POF e PE possam trabalhar com alta capacidade. O ponto mais importante, no entanto, \u00e9 a qualidade do processo de","breadcrumb":{"@id":"https:\/\/www.maripak.com\/pt-pt\/selado-por-retracao\/#breadcrumb"},"inLanguage":"pt-PT","potentialAction":[{"@type":"ReadAction","target":["https:\/\/www.maripak.com\/pt-pt\/selado-por-retracao\/"]}]},{"@type":"ImageObject","inLanguage":"pt-PT","@id":"https:\/\/www.maripak.com\/pt-pt\/selado-por-retracao\/#primaryimage","url":"https:\/\/www.maripak.com\/wp-content\/uploads\/2019\/06\/shrink-kesme.jpg","contentUrl":"https:\/\/www.maripak.com\/wp-content\/uploads\/2019\/06\/shrink-kesme.jpg","width":1280,"height":720,"caption":"Shrink Kesme"},{"@type":"BreadcrumbList","@id":"https:\/\/www.maripak.com\/pt-pt\/selado-por-retracao\/#breadcrumb","itemListElement":[{"@type":"ListItem","position":1,"name":"Ana sayfa","item":"https:\/\/www.maripak.com\/pt-pt\/"},{"@type":"ListItem","position":2,"name":"Selado por Retra\u00e7\u00e3o"}]},{"@type":"WebSite","@id":"https:\/\/www.maripak.com\/pt-pt\/#website","url":"https:\/\/www.maripak.com\/pt-pt\/","name":"Maripak","description":"Shrink Ambalaj Makinas\u0131 | Ambalaj Paketleme Makinalar\u0131","publisher":{"@id":"https:\/\/www.maripak.com\/pt-pt\/#organization"},"potentialAction":[{"@type":"SearchAction","target":{"@type":"EntryPoint","urlTemplate":"https:\/\/www.maripak.com\/pt-pt\/?s={search_term_string}"},"query-input":{"@type":"PropertyValueSpecification","valueRequired":true,"valueName":"search_term_string"}}],"inLanguage":"pt-PT"},{"@type":"Organization","@id":"https:\/\/www.maripak.com\/pt-pt\/#organization","name":"Maripak","url":"https:\/\/www.maripak.com\/pt-pt\/","logo":{"@type":"ImageObject","inLanguage":"pt-PT","@id":"https:\/\/www.maripak.com\/pt-pt\/#\/schema\/logo\/image\/","url":"https:\/\/www.maripak.com\/wp-content\/uploads\/2019\/06\/maripak-shrink-ambalaj-paketleme-makinalari-1.png","contentUrl":"https:\/\/www.maripak.com\/wp-content\/uploads\/2019\/06\/maripak-shrink-ambalaj-paketleme-makinalari-1.png","width":413,"height":146,"caption":"Maripak"},"image":{"@id":"https:\/\/www.maripak.com\/pt-pt\/#\/schema\/logo\/image\/"},"sameAs":["https:\/\/www.facebook.com\/maripakambalaj\/","https:\/\/x.com\/maripak_","https:\/\/www.linkedin.com\/company\/maripakpackaging\/","https:\/\/www.youtube.com\/channel\/UCo_HkKsfEa9HAfx4MWbsgPg","https:\/\/www.instagram.com\/maripakpackaging\/"]},{"@type":"Person","@id":"https:\/\/www.maripak.com\/pt-pt\/#\/schema\/person\/a60a146f84d3db7ab553caf48a597855","name":"Kerem \u00c7ifci","sameAs":["https:\/\/www.maripak.com\/"]}]}},"_links":{"self":[{"href":"https:\/\/www.maripak.com\/pt-pt\/wp-json\/wp\/v2\/posts\/1465","targetHints":{"allow":["GET"]}}],"collection":[{"href":"https:\/\/www.maripak.com\/pt-pt\/wp-json\/wp\/v2\/posts"}],"about":[{"href":"https:\/\/www.maripak.com\/pt-pt\/wp-json\/wp\/v2\/types\/post"}],"author":[{"embeddable":true,"href":"https:\/\/www.maripak.com\/pt-pt\/wp-json\/wp\/v2\/users\/4"}],"replies":[{"embeddable":true,"href":"https:\/\/www.maripak.com\/pt-pt\/wp-json\/wp\/v2\/comments?post=1465"}],"version-history":[{"count":0,"href":"https:\/\/www.maripak.com\/pt-pt\/wp-json\/wp\/v2\/posts\/1465\/revisions"}],"wp:featuredmedia":[{"embeddable":true,"href":"https:\/\/www.maripak.com\/pt-pt\/wp-json\/wp\/v2\/media\/484"}],"wp:attachment":[{"href":"https:\/\/www.maripak.com\/pt-pt\/wp-json\/wp\/v2\/media?parent=1465"}],"wp:term":[{"taxonomy":"category","embeddable":true,"href":"https:\/\/www.maripak.com\/pt-pt\/wp-json\/wp\/v2\/categories?post=1465"},{"taxonomy":"post_tag","embeddable":true,"href":"https:\/\/www.maripak.com\/pt-pt\/wp-json\/wp\/v2\/tags?post=1465"}],"curies":[{"name":"wp","href":"https:\/\/api.w.org\/{rel}","templated":true}]}}