{"id":596,"date":"2019-06-27T02:51:33","date_gmt":"2019-06-26T23:51:33","guid":{"rendered":"https:\/\/www.maripak.com\/?p=596"},"modified":"2019-10-16T16:44:50","modified_gmt":"2019-10-16T13:44:50","slug":"empaquetado-retractil","status":"publish","type":"post","link":"https:\/\/www.maripak.com\/es\/empaquetado-retractil\/","title":{"rendered":"Empaquetado retr\u00e1ctil"},"content":{"rendered":"<p><strong>El empaquetado retr\u00e1ctil<\/strong>\u00a0es la tecnolog\u00eda de empaquetado m\u00e1s com\u00fanmente utilizada actualmente en la industria del empaque. Es popular debido a sus caracter\u00edsticas de empaque de calidad, empaque multiuso, alternativa econ\u00f3mica a tecnolog\u00edas costosas y tecnolog\u00eda avanzada. Hoy en d\u00eda, las pel\u00edculas retr\u00e1ctiles est\u00e1n disponibles en una gran variedad, lo que las hace adecuadas para todos los prop\u00f3sitos.\u00a0<strong>El empaquetado retr\u00e1ctil<\/strong>\u00a0tiene un lugar especial en la industria porque se puede usar para empacar todo. Aparte de eso, la m\u00e1quina que se utiliza para este prop\u00f3sito puede colocarse f\u00e1cilmente dentro de su f\u00e1brica o local comercial ya que es compacta y ocupa un espacio m\u00ednimo que permite una f\u00e1cil continuaci\u00f3n de sus otras actividades de empaquetado.<\/p>\n<p>Los materiales com\u00fanmente utilizados en el\u00a0<strong>empaquetado retr\u00e1ctil<\/strong>\u00a0incluyen envolturas retr\u00e1ctiles de PVC y poliolefina.<\/p>\n<h2>\u00bfQu\u00e9 se puede embalar con envoltura retr\u00e1ctil?<\/h2>\n<p>Cajas, cintas, CD, comida, DVD, videocasetes, cajas de joyas, fotograf\u00edas y marcos son algunos de los art\u00edculos que se empaquetan utilizando las pel\u00edculas retr\u00e1ctiles.<\/p>\n<h2>Caracter\u00edsticas y composici\u00f3n<\/h2>\n<p>Las pel\u00edculas retr\u00e1ctiles de PVC no son perecederas y vienen en colores atractivos. Estas pel\u00edculas se contraen a bajas temperaturas y se expanden de nuevo a medida que se enfr\u00edan. Incluso pueden usarse para fines de marketing imprimiendo el nombre de su marca en ellos. De esta manera, tiene doble ventaja al usar un empaque de calidad que tambi\u00e9n act\u00faa como actividad de reconocimiento de marca.<\/p>\n<p>La pel\u00edcula de envoltura retr\u00e1ctil de poliolefina se compone de polietileno y polietileno. Es m\u00e1s suave que el PVC y tiene una apariencia transparente. Com\u00fanmente utilizado para empacar productos alimenticios, se presentan en diferentes tipos, como poliolefina de baja temperatura, poliolefina antihumedad y poliolefina preperforada.<\/p>\n<p>La pel\u00edcula retr\u00e1ctil de polietileno es otra, que se usa para una variedad de prop\u00f3sitos y es vers\u00e1til por naturaleza. Ha demostrado ser popular debido a su resistencia a grandes fluctuaciones en las condiciones del tiempo y clim\u00e1ticas. Se utiliza para cubrir objetos como barcos y autom\u00f3viles durante el invierno, ya que pueden soportar condiciones meteorol\u00f3gicas adversas. Estas pel\u00edculas generalmente vienen con protecci\u00f3n UV para proteger contra el da\u00f1o causado por los rayos ultravioletas. Por otra parte, estas pel\u00edculas son suaves y flexibles para su uso en condiciones clim\u00e1ticas adversas, ya que est\u00e1n hechas con acetato de vinilo o EVA. Con una amplia gama de colores y atractivas impresiones, han probado ser la forma ideal de empacar.<\/p>\n<p>Las pel\u00edculas retr\u00e1ctiles b\u00e1sicamente se clasifican en las categor\u00edas pliege \u00fanico Ay pliegue central. En las pel\u00edculas de pliegues centrales, los productos se embalan entre el pliegue de las pel\u00edculas y luego se sellan los bordes. Este tipo de empaque se usa para empacar paquetes de forma semiautom\u00e1tica y manual. En la pel\u00edcula retr\u00e1ctil de un solo pliegue, una sola capa de pel\u00edcula se enrolla alrededor del n\u00facleo y se utiliza para empacar equipos autom\u00e1ticos.<\/p>\n<p>Las pel\u00edculas retr\u00e1ctiles vienen en diferentes tama\u00f1os. Puede comprar estas pel\u00edculas que vienen en 60, 75 y 100 calibres. Los precios de estas pel\u00edculas dependen de una serie de cualidades como el brillo y la claridad. Puede comprar cualquier categor\u00eda de estas pel\u00edculas dependiendo de sus objetivos de empaque. Sin embargo, las pel\u00edculas de contracci\u00f3n de PVC son las m\u00e1s baratas y de uso com\u00fan que puede obtener f\u00e1cilmente en una tienda de ladrillo y mortero cerca de usted o en tiendas en l\u00ednea.<\/p>\n<p>Aprenda sobre la m\u00e1quina de contracci\u00f3n.<\/p>\n<p>Aprende sobre\u00a0<u>pelicula retractil.<\/u><\/p>\n","protected":false},"excerpt":{"rendered":"<p>El empaquetado retr\u00e1ctil\u00a0es la tecnolog\u00eda de empaquetado m\u00e1s com\u00fanmente utilizada actualmente en la industria del empaque. Es popular debido a sus caracter\u00edsticas de empaque de calidad, empaque multiuso, alternativa econ\u00f3mica a tecnolog\u00edas costosas y tecnolog\u00eda avanzada. Hoy en d\u00eda, las pel\u00edculas retr\u00e1ctiles est\u00e1n disponibles en una gran variedad, lo que las hace adecuadas para todos [&hellip;]<\/p>\n","protected":false},"author":4,"featured_media":561,"comment_status":"open","ping_status":"open","sticky":false,"template":"","format":"standard","meta":{"footnotes":""},"categories":[27],"tags":[],"class_list":["post-596","post","type-post","status-publish","format-standard","has-post-thumbnail","hentry","category-entradas-de-blog"],"acf":[],"yoast_head":"<!-- This site is optimized with the Yoast SEO plugin v24.8.1 - https:\/\/yoast.com\/wordpress\/plugins\/seo\/ -->\n<title>Empaquetado retr\u00e1ctil - Maripak<\/title>\n<meta name=\"description\" content=\"El empaquetado retr\u00e1ctil\u00a0es la tecnolog\u00eda de empaquetado m\u00e1s com\u00fanmente utilizada actualmente en la industria del empaque. Es popular debido a sus\" \/>\n<meta name=\"robots\" content=\"index, follow, max-snippet:-1, max-image-preview:large, max-video-preview:-1\" \/>\n<link rel=\"canonical\" href=\"https:\/\/www.maripak.com\/es\/empaquetado-retractil\/\" \/>\n<meta property=\"og:locale\" content=\"es_ES\" \/>\n<meta property=\"og:type\" content=\"article\" \/>\n<meta property=\"og:title\" content=\"Empaquetado retr\u00e1ctil - Maripak\" \/>\n<meta property=\"og:description\" content=\"El empaquetado retr\u00e1ctil\u00a0es la tecnolog\u00eda de empaquetado m\u00e1s com\u00fanmente utilizada actualmente en la industria del empaque. Es popular debido a sus\" \/>\n<meta property=\"og:url\" content=\"https:\/\/www.maripak.com\/es\/empaquetado-retractil\/\" \/>\n<meta property=\"og:site_name\" content=\"Maripak\" \/>\n<meta property=\"article:publisher\" content=\"https:\/\/www.facebook.com\/maripakambalaj\/\" \/>\n<meta property=\"article:published_time\" content=\"2019-06-26T23:51:33+00:00\" \/>\n<meta property=\"article:modified_time\" content=\"2019-10-16T13:44:50+00:00\" \/>\n<meta property=\"og:image\" content=\"https:\/\/www.maripak.com\/wp-content\/uploads\/2019\/06\/shrink-paketleme.jpg\" \/>\n\t<meta property=\"og:image:width\" content=\"1280\" \/>\n\t<meta property=\"og:image:height\" content=\"720\" \/>\n\t<meta property=\"og:image:type\" content=\"image\/jpeg\" \/>\n<meta name=\"author\" content=\"Kerem \u00c7ifci\" \/>\n<meta name=\"twitter:card\" content=\"summary_large_image\" \/>\n<meta name=\"twitter:creator\" content=\"@maripak_\" \/>\n<meta name=\"twitter:site\" content=\"@maripak_\" \/>\n<!-- \/ Yoast SEO plugin. -->","yoast_head_json":{"title":"Empaquetado retr\u00e1ctil - Maripak","description":"El empaquetado retr\u00e1ctil\u00a0es la tecnolog\u00eda de empaquetado m\u00e1s com\u00fanmente utilizada actualmente en la industria del empaque. Es popular debido a sus","robots":{"index":"index","follow":"follow","max-snippet":"max-snippet:-1","max-image-preview":"max-image-preview:large","max-video-preview":"max-video-preview:-1"},"canonical":"https:\/\/www.maripak.com\/es\/empaquetado-retractil\/","og_locale":"es_ES","og_type":"article","og_title":"Empaquetado retr\u00e1ctil - Maripak","og_description":"El empaquetado retr\u00e1ctil\u00a0es la tecnolog\u00eda de empaquetado m\u00e1s com\u00fanmente utilizada actualmente en la industria del empaque. Es popular debido a sus","og_url":"https:\/\/www.maripak.com\/es\/empaquetado-retractil\/","og_site_name":"Maripak","article_publisher":"https:\/\/www.facebook.com\/maripakambalaj\/","article_published_time":"2019-06-26T23:51:33+00:00","article_modified_time":"2019-10-16T13:44:50+00:00","og_image":[{"width":1280,"height":720,"url":"https:\/\/www.maripak.com\/wp-content\/uploads\/2019\/06\/shrink-paketleme.jpg","type":"image\/jpeg"}],"author":"Kerem \u00c7ifci","twitter_card":"summary_large_image","twitter_creator":"@maripak_","twitter_site":"@maripak_","schema":{"@context":"https:\/\/schema.org","@graph":[{"@type":"Article","@id":"https:\/\/www.maripak.com\/es\/empaquetado-retractil\/#article","isPartOf":{"@id":"https:\/\/www.maripak.com\/es\/empaquetado-retractil\/"},"author":{"name":"Kerem \u00c7ifci","@id":"https:\/\/www.maripak.com\/es\/#\/schema\/person\/a60a146f84d3db7ab553caf48a597855"},"headline":"Empaquetado retr\u00e1ctil","datePublished":"2019-06-26T23:51:33+00:00","dateModified":"2019-10-16T13:44:50+00:00","mainEntityOfPage":{"@id":"https:\/\/www.maripak.com\/es\/empaquetado-retractil\/"},"wordCount":643,"commentCount":0,"publisher":{"@id":"https:\/\/www.maripak.com\/es\/#organization"},"image":{"@id":"https:\/\/www.maripak.com\/es\/empaquetado-retractil\/#primaryimage"},"thumbnailUrl":"https:\/\/www.maripak.com\/wp-content\/uploads\/2019\/06\/shrink-paketleme.jpg","articleSection":["Blogs"],"inLanguage":"es","potentialAction":[{"@type":"CommentAction","name":"Comment","target":["https:\/\/www.maripak.com\/es\/empaquetado-retractil\/#respond"]}]},{"@type":"WebPage","@id":"https:\/\/www.maripak.com\/es\/empaquetado-retractil\/","url":"https:\/\/www.maripak.com\/es\/empaquetado-retractil\/","name":"Empaquetado retr\u00e1ctil - Maripak","isPartOf":{"@id":"https:\/\/www.maripak.com\/es\/#website"},"primaryImageOfPage":{"@id":"https:\/\/www.maripak.com\/es\/empaquetado-retractil\/#primaryimage"},"image":{"@id":"https:\/\/www.maripak.com\/es\/empaquetado-retractil\/#primaryimage"},"thumbnailUrl":"https:\/\/www.maripak.com\/wp-content\/uploads\/2019\/06\/shrink-paketleme.jpg","datePublished":"2019-06-26T23:51:33+00:00","dateModified":"2019-10-16T13:44:50+00:00","description":"El empaquetado retr\u00e1ctil\u00a0es la tecnolog\u00eda de empaquetado m\u00e1s com\u00fanmente utilizada actualmente en la industria del empaque. Es popular debido a sus","breadcrumb":{"@id":"https:\/\/www.maripak.com\/es\/empaquetado-retractil\/#breadcrumb"},"inLanguage":"es","potentialAction":[{"@type":"ReadAction","target":["https:\/\/www.maripak.com\/es\/empaquetado-retractil\/"]}]},{"@type":"ImageObject","inLanguage":"es","@id":"https:\/\/www.maripak.com\/es\/empaquetado-retractil\/#primaryimage","url":"https:\/\/www.maripak.com\/wp-content\/uploads\/2019\/06\/shrink-paketleme.jpg","contentUrl":"https:\/\/www.maripak.com\/wp-content\/uploads\/2019\/06\/shrink-paketleme.jpg","width":1280,"height":720,"caption":"Shrink Paketleme"},{"@type":"BreadcrumbList","@id":"https:\/\/www.maripak.com\/es\/empaquetado-retractil\/#breadcrumb","itemListElement":[{"@type":"ListItem","position":1,"name":"Ana sayfa","item":"https:\/\/www.maripak.com\/es\/"},{"@type":"ListItem","position":2,"name":"Empaquetado retr\u00e1ctil"}]},{"@type":"WebSite","@id":"https:\/\/www.maripak.com\/es\/#website","url":"https:\/\/www.maripak.com\/es\/","name":"Maripak","description":"Shrink Ambalaj Makinas\u0131 | Ambalaj Paketleme Makinalar\u0131","publisher":{"@id":"https:\/\/www.maripak.com\/es\/#organization"},"potentialAction":[{"@type":"SearchAction","target":{"@type":"EntryPoint","urlTemplate":"https:\/\/www.maripak.com\/es\/?s={search_term_string}"},"query-input":{"@type":"PropertyValueSpecification","valueRequired":true,"valueName":"search_term_string"}}],"inLanguage":"es"},{"@type":"Organization","@id":"https:\/\/www.maripak.com\/es\/#organization","name":"Maripak","url":"https:\/\/www.maripak.com\/es\/","logo":{"@type":"ImageObject","inLanguage":"es","@id":"https:\/\/www.maripak.com\/es\/#\/schema\/logo\/image\/","url":"https:\/\/www.maripak.com\/wp-content\/uploads\/2019\/06\/maripak-shrink-ambalaj-paketleme-makinalari-1.png","contentUrl":"https:\/\/www.maripak.com\/wp-content\/uploads\/2019\/06\/maripak-shrink-ambalaj-paketleme-makinalari-1.png","width":413,"height":146,"caption":"Maripak"},"image":{"@id":"https:\/\/www.maripak.com\/es\/#\/schema\/logo\/image\/"},"sameAs":["https:\/\/www.facebook.com\/maripakambalaj\/","https:\/\/x.com\/maripak_","https:\/\/www.linkedin.com\/company\/maripakpackaging\/","https:\/\/www.youtube.com\/channel\/UCo_HkKsfEa9HAfx4MWbsgPg","https:\/\/www.instagram.com\/maripakpackaging\/"]},{"@type":"Person","@id":"https:\/\/www.maripak.com\/es\/#\/schema\/person\/a60a146f84d3db7ab553caf48a597855","name":"Kerem \u00c7ifci","sameAs":["https:\/\/www.maripak.com\/"]}]}},"_links":{"self":[{"href":"https:\/\/www.maripak.com\/es\/wp-json\/wp\/v2\/posts\/596","targetHints":{"allow":["GET"]}}],"collection":[{"href":"https:\/\/www.maripak.com\/es\/wp-json\/wp\/v2\/posts"}],"about":[{"href":"https:\/\/www.maripak.com\/es\/wp-json\/wp\/v2\/types\/post"}],"author":[{"embeddable":true,"href":"https:\/\/www.maripak.com\/es\/wp-json\/wp\/v2\/users\/4"}],"replies":[{"embeddable":true,"href":"https:\/\/www.maripak.com\/es\/wp-json\/wp\/v2\/comments?post=596"}],"version-history":[{"count":0,"href":"https:\/\/www.maripak.com\/es\/wp-json\/wp\/v2\/posts\/596\/revisions"}],"wp:featuredmedia":[{"embeddable":true,"href":"https:\/\/www.maripak.com\/es\/wp-json\/wp\/v2\/media\/561"}],"wp:attachment":[{"href":"https:\/\/www.maripak.com\/es\/wp-json\/wp\/v2\/media?parent=596"}],"wp:term":[{"taxonomy":"category","embeddable":true,"href":"https:\/\/www.maripak.com\/es\/wp-json\/wp\/v2\/categories?post=596"},{"taxonomy":"post_tag","embeddable":true,"href":"https:\/\/www.maripak.com\/es\/wp-json\/wp\/v2\/tags?post=596"}],"curies":[{"name":"wp","href":"https:\/\/api.w.org\/{rel}","templated":true}]}}